{"id":261,"date":"2019-05-15T16:37:15","date_gmt":"2019-05-15T16:37:15","guid":{"rendered":"https:\/\/wordpress.usn.no\/970041\/?p=261"},"modified":"2019-05-15T16:48:39","modified_gmt":"2019-05-15T16:48:39","slug":"pa-flukt-skyggeteater-med-klassen-min","status":"publish","type":"post","link":"https:\/\/wordpress.usn.no\/970041\/2019\/05\/15\/pa-flukt-skyggeteater-med-klassen-min\/","title":{"rendered":"P\u00e5 flukt- et skyggeteater"},"content":{"rendered":"<p>Jeg nevnte i et<a href=\"https:\/\/wordpress.usn.no\/970041\/2019\/05\/15\/fot-utrolig-til-a-vaere-sann\/\"> tidligere blogginnlegg\u00a0\u00a0<\/a>at enkelte ganger kan fiksjon v\u00e6re en bedre egnet form til \u00e5 fortelle sannheten. Til \u00e5 se hendelser fra mange sider, og hvordan disse samme hendelsene oppleves for menneskene som ber\u00f8res av dem. Med dette i minne vil jeg dele denne lille filmen som mine elever laget i kunst og h\u00e5ndverkstimen. Det er allerede tre \u00e5r siden n\u00e5, og det store teamet dette skole\u00e5ret var selvf\u00f8lgelig de tusener p\u00e5 tusener som var tvunget til \u00e5 flykte fra krigen i Syria.<\/p>\n<p>Se filmen og kjenn etter om det ikke er akkurat slik, at noen ganger m\u00e5 vi bruke fiksjon for \u00e5 forst\u00e5 rekkevidden av den grusomme sannheten!<\/p>\n<p><iframe loading=\"lazy\" title=\"P\u00e5 Flukt\" width=\"660\" height=\"371\" src=\"https:\/\/www.youtube.com\/embed\/eV-cGTgzRDw?start=3&#038;feature=oembed\" frameborder=\"0\" allow=\"accelerometer; autoplay; clipboard-write; encrypted-media; gyroscope; picture-in-picture; web-share\" referrerpolicy=\"strict-origin-when-cross-origin\" allowfullscreen><\/iframe><\/p>\n<p>&nbsp;<\/p>\n","protected":false},"excerpt":{"rendered":"<p>Jeg nevnte i et tidligere blogginnlegg\u00a0\u00a0at enkelte ganger kan fiksjon v\u00e6re en bedre egnet form til \u00e5 fortelle sannheten. Til \u00e5 se hendelser fra mange sider, og hvordan disse samme hendelsene oppleves for menneskene som ber\u00f8res av dem. Med dette i minne vil jeg dele denne lille filmen som mine elever laget i kunst og [&hellip;]<\/p>\n","protected":false},"author":43,"featured_media":0,"comment_status":"open","ping_status":"open","sticky":false,"template":"","format":"standard","meta":{"footnotes":""},"categories":[1],"tags":[],"class_list":["post-261","post","type-post","status-publish","format-standard","hentry","category-uncategorized"],"_links":{"self":[{"href":"https:\/\/wordpress.usn.no\/970041\/wp-json\/wp\/v2\/posts\/261","targetHints":{"allow":["GET"]}}],"collection":[{"href":"https:\/\/wordpress.usn.no\/970041\/wp-json\/wp\/v2\/posts"}],"about":[{"href":"https:\/\/wordpress.usn.no\/970041\/wp-json\/wp\/v2\/types\/post"}],"author":[{"embeddable":true,"href":"https:\/\/wordpress.usn.no\/970041\/wp-json\/wp\/v2\/users\/43"}],"replies":[{"embeddable":true,"href":"https:\/\/wordpress.usn.no\/970041\/wp-json\/wp\/v2\/comments?post=261"}],"version-history":[{"count":4,"href":"https:\/\/wordpress.usn.no\/970041\/wp-json\/wp\/v2\/posts\/261\/revisions"}],"predecessor-version":[{"id":266,"href":"https:\/\/wordpress.usn.no\/970041\/wp-json\/wp\/v2\/posts\/261\/revisions\/266"}],"wp:attachment":[{"href":"https:\/\/wordpress.usn.no\/970041\/wp-json\/wp\/v2\/media?parent=261"}],"wp:term":[{"taxonomy":"category","embeddable":true,"href":"https:\/\/wordpress.usn.no\/970041\/wp-json\/wp\/v2\/categories?post=261"},{"taxonomy":"post_tag","embeddable":true,"href":"https:\/\/wordpress.usn.no\/970041\/wp-json\/wp\/v2\/tags?post=261"}],"curies":[{"name":"wp","href":"https:\/\/api.w.org\/{rel}","templated":true}]}}