{"id":115,"date":"2018-01-07T10:57:01","date_gmt":"2018-01-07T10:57:01","guid":{"rendered":"https:\/\/wordpress.usn.no\/970041\/?p=115"},"modified":"2018-01-07T11:03:41","modified_gmt":"2018-01-07T11:03:41","slug":"forfatterkveld-i-bjorkelangen-om-aldringsangst-og-gammel-pubertet-i-brevform","status":"publish","type":"post","link":"https:\/\/wordpress.usn.no\/970041\/2018\/01\/07\/forfatterkveld-i-bjorkelangen-om-aldringsangst-og-gammel-pubertet-i-brevform\/","title":{"rendered":"Forfatterkveld i Bj\u00f8rkelangen"},"content":{"rendered":"<div class=\" first-post post-2451 post type-post status-publish format-standard hentry category-aldring category-biografi category-bokomtaler category-klimakterie category-livsmestring\"><img loading=\"lazy\" decoding=\"async\" class=\"wp-image-2452 size-medium alignleft\" src=\"http:\/\/www.tekstualitet.no\/wp-content\/uploads\/2018\/01\/selma_loenning_aaroe_og_wencke_muhleisen-223x300.jpg\" alt=\"selma_loenning_aaroe_og_wencke_muhleisen\" width=\"223\" height=\"300\" \/><strong>Om aldringsangst og gammel pubertet, i brevform<\/strong><\/div>\n<div class=\" first-post post-2451 post type-post status-publish format-standard hentry category-aldring category-biografi category-bokomtaler category-klimakterie category-livsmestring\">Jeg hadde ikke mer enn rukket \u00e5 lukke Morgenbladet og Sissel Grans tekst om aldringsangst, f\u00f8r Wencke M\u00fchleisen dukket opp p\u00e5 biblioteket i Aurskog-H\u00f8land i anledning h\u00f8stens Litteraturfestival. Vel, det var ikke helt slik, men jeg hadde Grans tekst s\u00e5 friskt i minne at samtalen om M\u00fchleisens nye bok <em>All gjeldende fornuft<\/em> f\u00f8ltes som en fortsettelse, eller utvidelse, av samme tematikk. Kvinne over 60, hva n\u00e5?<\/div>\n<p>Les hele teksten<a href=\"http:\/\/www.tekstualitet.no\/?p=2451\"> her<\/a><\/p>\n","protected":false},"excerpt":{"rendered":"<p>Om aldringsangst og gammel pubertet, i brevform Jeg hadde ikke mer enn rukket \u00e5 lukke Morgenbladet og Sissel Grans tekst om aldringsangst, f\u00f8r Wencke M\u00fchleisen dukket opp p\u00e5 biblioteket i Aurskog-H\u00f8land i anledning h\u00f8stens Litteraturfestival. Vel, det var ikke helt slik, men jeg hadde Grans tekst s\u00e5 friskt i minne at samtalen om M\u00fchleisens nye [&hellip;]<\/p>\n","protected":false},"author":43,"featured_media":0,"comment_status":"open","ping_status":"open","sticky":false,"template":"","format":"standard","meta":{"footnotes":""},"categories":[1],"tags":[],"class_list":["post-115","post","type-post","status-publish","format-standard","hentry","category-uncategorized"],"_links":{"self":[{"href":"https:\/\/wordpress.usn.no\/970041\/wp-json\/wp\/v2\/posts\/115","targetHints":{"allow":["GET"]}}],"collection":[{"href":"https:\/\/wordpress.usn.no\/970041\/wp-json\/wp\/v2\/posts"}],"about":[{"href":"https:\/\/wordpress.usn.no\/970041\/wp-json\/wp\/v2\/types\/post"}],"author":[{"embeddable":true,"href":"https:\/\/wordpress.usn.no\/970041\/wp-json\/wp\/v2\/users\/43"}],"replies":[{"embeddable":true,"href":"https:\/\/wordpress.usn.no\/970041\/wp-json\/wp\/v2\/comments?post=115"}],"version-history":[{"count":5,"href":"https:\/\/wordpress.usn.no\/970041\/wp-json\/wp\/v2\/posts\/115\/revisions"}],"predecessor-version":[{"id":122,"href":"https:\/\/wordpress.usn.no\/970041\/wp-json\/wp\/v2\/posts\/115\/revisions\/122"}],"wp:attachment":[{"href":"https:\/\/wordpress.usn.no\/970041\/wp-json\/wp\/v2\/media?parent=115"}],"wp:term":[{"taxonomy":"category","embeddable":true,"href":"https:\/\/wordpress.usn.no\/970041\/wp-json\/wp\/v2\/categories?post=115"},{"taxonomy":"post_tag","embeddable":true,"href":"https:\/\/wordpress.usn.no\/970041\/wp-json\/wp\/v2\/tags?post=115"}],"curies":[{"name":"wp","href":"https:\/\/api.w.org\/{rel}","templated":true}]}}