{"id":309,"date":"2019-09-18T21:34:03","date_gmt":"2019-09-18T19:34:03","guid":{"rendered":"https:\/\/wordpress.usn.no\/214088\/?p=309"},"modified":"2019-09-18T21:34:13","modified_gmt":"2019-09-18T19:34:13","slug":"viktig-om-folelser-fra-prosa-redaktoren","status":"publish","type":"post","link":"https:\/\/wordpress.usn.no\/214088\/2019\/09\/18\/viktig-om-folelser-fra-prosa-redaktoren\/","title":{"rendered":"Viktig om f\u00f8lelser fra Prosa redakt\u00f8ren"},"content":{"rendered":"<p>LEIAR<br \/>\nHjartet i rasjonaliteten<br \/>\nAv Merete R\u00f8svik<\/p>\n<p>At kjensler p\u00e5verkar alt vi gjer, er l\u00f8yndomen alle kjenner, men f\u00e5 pratar om. Men sensitivitet og emosjonell intelligens kan vere like avgjerande for ein god fagperson som evna til logisk tenking, fordi mykje av informasjonen om verda kjem til oss via kjenslene. Det blir spesielt tydeleg i omsorgsyrke, men ogs\u00e5 i meir teoretiske profesjonar som skribent, omsetjar og forskar vil motivasjonen, forst\u00e5inga og kreativiteten vere p\u00e5verka av kjenslelivet. Den som lurer p\u00e5 korleis det artar seg, kan lese svara p\u00e5 enqueten i dette nummeret. \u00abFaktisk er f\u00f8lelser noe av det mest rasjonelle vi har\u00bb, uttalar biolog Dag O. Hessen. Det h\u00f8yrest ut som ei spissformulering, men ogs\u00e5 i filosofien finn ein liknande p\u00e5standar.<\/p>\n<p>I boka Tingliggj\u00f8ring og anerkjennelse diskuterer Axel Honneth Georg Luk\u00e1cs\u2019 omgrep \u00abtingleggjering\u00bb (Cappelen Damm 2019, omsett av Inger Sverreson Holmes og med introduksjon av Torill Strand). Han argumenterer for at det \u00e5 kunne bli emosjonelt involvert i eit anna menneske, og slik \u00abanerkjenne\u00bb at hen har kjensler og behov som ein sj\u00f8lv, er ein f\u00f8resetnad for \u00e5 kunne danne seg ei n\u00f8ytral forst\u00e5ing av verda. Sterkt forenkla er grunngjevinga slik: N\u00e5r eit barn blir glad i omsorgspersonen, utviklar det evna til \u00e5 leve seg inn i den andre og sj\u00e5 verda ogs\u00e5 fr\u00e5 hennar perspektiv. Dette legg grunnlaget for at ein seinare kan leite seg fram til n\u00f8yaktig kunnskap gjennom \u00abaffektiv aksept av s\u00e5 mange perspektiver som mulig\u00bb (s. 72). Det er alts\u00e5 ein direkte samanheng mellom empati og objektivitet; begge delar krev at ein er i stand til \u00e5 sj\u00e5 lenger enn eigne behov og subjektive opplevingar.<\/p>\n<p>Kvifor er dette viktig? Fordi det rokkar ved oppfatninga om at emosjon er lik subjektivitet, medan rasjonalitet er lik objektivitet \u2013 og dessutan ved sj\u00f8lve skiljet mellom emosjon og kognisjon. Grovt forenkla modellar av det som eigentleg er eit komplekst samspel mellom kjensler og vurderingar, individ og fellesskap, har prega vestleg vitskapshistorie. Sj\u00f8lv om oppfatningane har blitt utfordra av ny hjerneforsking, er dei framleis utbreidde p\u00e5 m\u00e5tar som f\u00e5r praktiske konsekvensar.<\/p>\n","protected":false},"excerpt":{"rendered":"<p>LEIAR Hjartet i rasjonaliteten Av Merete R\u00f8svik At kjensler p\u00e5verkar alt vi gjer, er l\u00f8yndomen alle kjenner, men f\u00e5 pratar om. Men sensitivitet og emosjonell intelligens kan vere like avgjerande for ein god fagperson som evna til logisk tenking, fordi mykje av informasjonen om verda kjem til oss via kjenslene. Det blir spesielt tydeleg i [&hellip;]<\/p>\n","protected":false},"author":61,"featured_media":0,"comment_status":"open","ping_status":"open","sticky":false,"template":"","format":"standard","meta":{"footnotes":""},"categories":[1],"tags":[],"class_list":["post-309","post","type-post","status-publish","format-standard","hentry","category-uncategorized"],"_links":{"self":[{"href":"https:\/\/wordpress.usn.no\/214088\/wp-json\/wp\/v2\/posts\/309","targetHints":{"allow":["GET"]}}],"collection":[{"href":"https:\/\/wordpress.usn.no\/214088\/wp-json\/wp\/v2\/posts"}],"about":[{"href":"https:\/\/wordpress.usn.no\/214088\/wp-json\/wp\/v2\/types\/post"}],"author":[{"embeddable":true,"href":"https:\/\/wordpress.usn.no\/214088\/wp-json\/wp\/v2\/users\/61"}],"replies":[{"embeddable":true,"href":"https:\/\/wordpress.usn.no\/214088\/wp-json\/wp\/v2\/comments?post=309"}],"version-history":[{"count":1,"href":"https:\/\/wordpress.usn.no\/214088\/wp-json\/wp\/v2\/posts\/309\/revisions"}],"predecessor-version":[{"id":310,"href":"https:\/\/wordpress.usn.no\/214088\/wp-json\/wp\/v2\/posts\/309\/revisions\/310"}],"wp:attachment":[{"href":"https:\/\/wordpress.usn.no\/214088\/wp-json\/wp\/v2\/media?parent=309"}],"wp:term":[{"taxonomy":"category","embeddable":true,"href":"https:\/\/wordpress.usn.no\/214088\/wp-json\/wp\/v2\/categories?post=309"},{"taxonomy":"post_tag","embeddable":true,"href":"https:\/\/wordpress.usn.no\/214088\/wp-json\/wp\/v2\/tags?post=309"}],"curies":[{"name":"wp","href":"https:\/\/api.w.org\/{rel}","templated":true}]}}