{"id":265,"date":"2019-04-27T13:46:50","date_gmt":"2019-04-27T11:46:50","guid":{"rendered":"https:\/\/wordpress.usn.no\/214088\/?p=265"},"modified":"2019-04-27T16:57:15","modified_gmt":"2019-04-27T14:57:15","slug":"kari-hesthamars-stemme","status":"publish","type":"post","link":"https:\/\/wordpress.usn.no\/214088\/2019\/04\/27\/kari-hesthamars-stemme\/","title":{"rendered":"Kari Hesthamars stemme"},"content":{"rendered":"<p>Jeg gledet meg til semesterets f\u00f8rste samling, som jeg alltid gj\u00f8r, men s\u00e6rlig til \u00e5 m\u00f8te Kari Hesthamar. Podcasten Elefanten traff meg b\u00e5de tematisk og formmessig. Allerede i introduksjonen, som g\u00e5r igjen fra episode til episode, er hun til stede som seg selv. Hun tar utgangspunkt i et sp\u00f8rsm\u00e5l med allmenngyldig, menneskelig relevans, og svarer for sin egen del, f\u00f8r hun presenterer oss for sine utvalgte fortellere. Podcasten illustrerer flere sentrale virkemidler radiodokumentaren har til r\u00e5dighet, for \u00e5 &laquo;skape film p\u00e5 lytternes indre skjerm&raquo; slik NRK-veteranen Berit Hedemann beskriver det. Det handler om ordbruk, stemmebruk og annen lyd, og ikke minst om fortelleren, som med disse verkt\u00f8yene gir bildene utsnitt, farger og perspektiv.<\/p>\n<p>For meg er Kari Hesthamars stemme nok, den er varm, n\u00e6r og engasjert p\u00e5 en lavm\u00e6lt m\u00e5te. Jeg tror ogs\u00e5 dialekten har sitt \u00e5 si, stemmen g\u00e5r rett i kroppen p\u00e5 meg. Hun kunne snakket om hva som helst og jeg ville lyttet. Er det f\u00f8rspr\u00e5klige erfaringer og assosiasjoner i mitt underbevisste univers som kan forklare dette? Hedemann antyder det, hun minner oss p\u00e5 at \u00e5 tolke stemmebruk er noe av det f\u00f8rste vi l\u00e6rer som spedbarn, lenge f\u00f8r vi skj\u00f8nner hva ordene betyr, forst\u00e5r vi hva stemmen betyr. Er det s\u00e5nn det er med virkemidler, har de alle sammen forankring i v\u00e5r psyke, slik den har sin forankring i kroppen?<\/p>\n<p>Bare h\u00f8r!<br \/>\n<a href=\"https:\/\/itunes.apple.com\/no\/podcast\/elefanten\/id1434054369?l=nb&amp;mt=2&amp;i=1000419010832\">https:\/\/itunes.apple.com\/no\/podcast\/elefanten\/id1434054369?l=nb&amp;mt=2&amp;i=1000419010832<\/a><\/p>\n","protected":false},"excerpt":{"rendered":"<p>Jeg gledet meg til semesterets f\u00f8rste samling, som jeg alltid gj\u00f8r, men s\u00e6rlig til \u00e5 m\u00f8te Kari Hesthamar. Podcasten Elefanten traff meg b\u00e5de tematisk og formmessig. Allerede i introduksjonen, som g\u00e5r igjen fra episode til episode, er hun til stede som seg selv. Hun tar utgangspunkt i et sp\u00f8rsm\u00e5l med allmenngyldig, menneskelig relevans, og svarer [&hellip;]<\/p>\n","protected":false},"author":61,"featured_media":0,"comment_status":"open","ping_status":"open","sticky":false,"template":"","format":"standard","meta":{"footnotes":""},"categories":[1],"tags":[],"class_list":["post-265","post","type-post","status-publish","format-standard","hentry","category-uncategorized"],"_links":{"self":[{"href":"https:\/\/wordpress.usn.no\/214088\/wp-json\/wp\/v2\/posts\/265","targetHints":{"allow":["GET"]}}],"collection":[{"href":"https:\/\/wordpress.usn.no\/214088\/wp-json\/wp\/v2\/posts"}],"about":[{"href":"https:\/\/wordpress.usn.no\/214088\/wp-json\/wp\/v2\/types\/post"}],"author":[{"embeddable":true,"href":"https:\/\/wordpress.usn.no\/214088\/wp-json\/wp\/v2\/users\/61"}],"replies":[{"embeddable":true,"href":"https:\/\/wordpress.usn.no\/214088\/wp-json\/wp\/v2\/comments?post=265"}],"version-history":[{"count":8,"href":"https:\/\/wordpress.usn.no\/214088\/wp-json\/wp\/v2\/posts\/265\/revisions"}],"predecessor-version":[{"id":280,"href":"https:\/\/wordpress.usn.no\/214088\/wp-json\/wp\/v2\/posts\/265\/revisions\/280"}],"wp:attachment":[{"href":"https:\/\/wordpress.usn.no\/214088\/wp-json\/wp\/v2\/media?parent=265"}],"wp:term":[{"taxonomy":"category","embeddable":true,"href":"https:\/\/wordpress.usn.no\/214088\/wp-json\/wp\/v2\/categories?post=265"},{"taxonomy":"post_tag","embeddable":true,"href":"https:\/\/wordpress.usn.no\/214088\/wp-json\/wp\/v2\/tags?post=265"}],"curies":[{"name":"wp","href":"https:\/\/api.w.org\/{rel}","templated":true}]}}