{"id":196,"date":"2018-05-30T12:59:31","date_gmt":"2018-05-30T10:59:31","guid":{"rendered":"https:\/\/wordpress.usn.no\/103423\/?p=196"},"modified":"2018-05-30T13:09:32","modified_gmt":"2018-05-30T11:09:32","slug":"oppskrift-pa-hvit-saus","status":"publish","type":"post","link":"https:\/\/wordpress.usn.no\/103423\/2018\/05\/30\/oppskrift-pa-hvit-saus\/","title":{"rendered":"&#8220;Oppskrift p\u00e5 hvit saus&#8221;"},"content":{"rendered":"<p>Fra Siri Nergaards s foredrag f\u00f8rste samling i dette biografiske semesteret finner vi henvisning til Ivo Figueiredo. Siri har lagt ved et utklipp fra Morgenbladet hvor nettopp Figueiredo har stilt seg sp\u00f8rsm\u00e5let &#8220;Hvorfor skriver vi som vil skildre verden, s\u00e5 mye om oss selv?&#8221; Sp\u00f8rsm\u00e5let synes \u00e5 komme ut fra en oppdagelse han kan ha gjort om at faktisk mange skriver om seg selv n\u00e5r det er verden som \u00f8nskes skildret. Denne sammenhengen fikk meg til \u00e5 tenke p\u00e5 prosessen i skrivearbeidet. Etter \u00e5 ha v\u00e6rt utsatt for skrivespresse fikk jeg skjenket en metode p\u00e5 \u00e5 komme meg ut av den. Den ble av skrivel\u00e6rer Merete Morken Andersen kalt &#8220;Oppskrift p\u00e5 hvit saus&#8221;. Med dette som utgangspunkt gj\u00f8r jeg min beskrivelse av denne oppskriften.<\/p>\n<p><img loading=\"lazy\" decoding=\"async\" class=\"alignnone size-medium wp-image-198\" src=\"https:\/\/wordpress.usn.no\/103423\/wp-content\/uploads\/sites\/56\/2018\/05\/Skjermbilde-2018-05-30-12.47.57-300x169.png\" alt=\"\" width=\"300\" height=\"169\" srcset=\"https:\/\/wordpress.usn.no\/103423\/wp-content\/uploads\/sites\/56\/2018\/05\/Skjermbilde-2018-05-30-12.47.57-300x169.png 300w, https:\/\/wordpress.usn.no\/103423\/wp-content\/uploads\/sites\/56\/2018\/05\/Skjermbilde-2018-05-30-12.47.57-768x432.png 768w, https:\/\/wordpress.usn.no\/103423\/wp-content\/uploads\/sites\/56\/2018\/05\/Skjermbilde-2018-05-30-12.47.57-1024x576.png 1024w, https:\/\/wordpress.usn.no\/103423\/wp-content\/uploads\/sites\/56\/2018\/05\/Skjermbilde-2018-05-30-12.47.57-619x348.png 619w\" sizes=\"auto, (max-width: 300px) 100vw, 300px\" \/><\/p>\n<p>Her er et utsnitt fra min kritisk reflekterende fagartikkel for semesteret Biografiske tekster:<\/p>\n<p>\u201dOppskrift p\u00e5 hvis saus\u201d:<\/p>\n<ul>\n<li>Gj\u00f8r en observasjon<\/li>\n<li>Formuler p\u00e5stand om observasjonen<\/li>\n<li>Snu p\u00e5standen til sp\u00f8rsm\u00e5l<\/li>\n<li>La analysen din best\u00e5 av ditt fors\u00f8k p\u00e5 \u00e5 besvare ditt eget sp\u00f8rsm\u00e5l<\/li>\n<li>Konkluder med svaret p\u00e5 sp\u00f8rsm\u00e5let og f\u00f8r teksten tilbake til punkt 1, men n\u00e5 med utvidet perspektiv<\/li>\n<\/ul>\n<p>N\u00e5r jeg h\u00f8rte p\u00e5 programserien <em>Hos Peder<\/em> gjorde jeg meg spesielt fire observasjoner. Det gikk p\u00e5 kilder, bruk av pseudonym, psykoterapi vs coaching og mulige flere sjangere i et og samme program\/tekst. Etter n\u00e6rmere vurdering i skrivegruppa og egen refleksjoner, falt valget p\u00e5 \u00e5 utforske sjangersp\u00f8rsm\u00e5let. Nedenfor framstiller jeg resultatet av mine observasjoner ved bruk av \u201doppskrift p\u00e5 hvis saus\u201d.<\/p>\n<ul>\n<li>Min observasjon: Formen p\u00e5 uttrykket gir rom for \u00e5 vurdere ulike parallelle sjangere i ett og samme \u201dtekstdokument\u201d<\/li>\n<li>Min p\u00e5stand: Sett fra Peders side er en biografi av Fredrik. Samtidig kan det sies at programmet er en selvbiografi sett fra Fredriks synspunkt, som f\u00e5r bistand av Peder til \u00e5 forme den<\/li>\n<li>Mitt sp\u00f8rsm\u00e5l: Kan vi si at dette er en biografi? Kan vi si at det ogs\u00e5 er en selvbiografi?<\/li>\n<li>Min analyse: svar p\u00e5 sp\u00f8rsm\u00e5l gjennom lek med definisjoner og beskrivelse av biografi og selvbiografi som sjanger, satt opp i mot denne aktuelle sitsen.<\/li>\n<li>Min konklusjon: kommer til \u00e5 f\u00f8lge av analyse<\/li>\n<\/ul>\n<p>Med dette kunne jeg begynne \u00e5 skrive analysen av podkasten <em>Hos Peder<\/em>. N\u00e5 hadde jeg et sp\u00f8rsm\u00e5l, \u201der dette en biografi eller en selvbiografi?\u201d, \u00e5 svare p\u00e5 som utgangspunkt for analysen.<\/p>\n<p>&nbsp;<\/p>\n","protected":false},"excerpt":{"rendered":"<p>Fra Siri Nergaards s foredrag f\u00f8rste samling i dette biografiske semesteret finner vi henvisning til Ivo Figueiredo. Siri har lagt ved et utklipp fra Morgenbladet hvor nettopp Figueiredo har stilt seg sp\u00f8rsm\u00e5let &#8220;Hvorfor skriver vi som vil skildre verden, s\u00e5 mye om oss selv?&#8221; Sp\u00f8rsm\u00e5let synes \u00e5 komme ut fra en oppdagelse han kan ha [&hellip;]<\/p>\n","protected":false},"author":46,"featured_media":0,"comment_status":"open","ping_status":"open","sticky":false,"template":"","format":"standard","meta":{"footnotes":""},"categories":[1],"tags":[],"class_list":["post-196","post","type-post","status-publish","format-standard","hentry","category-uncategorized"],"_links":{"self":[{"href":"https:\/\/wordpress.usn.no\/103423\/wp-json\/wp\/v2\/posts\/196","targetHints":{"allow":["GET"]}}],"collection":[{"href":"https:\/\/wordpress.usn.no\/103423\/wp-json\/wp\/v2\/posts"}],"about":[{"href":"https:\/\/wordpress.usn.no\/103423\/wp-json\/wp\/v2\/types\/post"}],"author":[{"embeddable":true,"href":"https:\/\/wordpress.usn.no\/103423\/wp-json\/wp\/v2\/users\/46"}],"replies":[{"embeddable":true,"href":"https:\/\/wordpress.usn.no\/103423\/wp-json\/wp\/v2\/comments?post=196"}],"version-history":[{"count":4,"href":"https:\/\/wordpress.usn.no\/103423\/wp-json\/wp\/v2\/posts\/196\/revisions"}],"predecessor-version":[{"id":204,"href":"https:\/\/wordpress.usn.no\/103423\/wp-json\/wp\/v2\/posts\/196\/revisions\/204"}],"wp:attachment":[{"href":"https:\/\/wordpress.usn.no\/103423\/wp-json\/wp\/v2\/media?parent=196"}],"wp:term":[{"taxonomy":"category","embeddable":true,"href":"https:\/\/wordpress.usn.no\/103423\/wp-json\/wp\/v2\/categories?post=196"},{"taxonomy":"post_tag","embeddable":true,"href":"https:\/\/wordpress.usn.no\/103423\/wp-json\/wp\/v2\/tags?post=196"}],"curies":[{"name":"wp","href":"https:\/\/api.w.org\/{rel}","templated":true}]}}